

[{"@context":"https:\/\/schema.org\/","@type":"Article","@id":"https:\/\/www.hanyo.cz\/ktery-termin-je-pro-stehovani-v-praze-vyhodnejsi\/#Article","mainEntityOfPage":"https:\/\/www.hanyo.cz\/ktery-termin-je-pro-stehovani-v-praze-vyhodnejsi\/","headline":"Kter\u00fd term\u00edn je pro st\u011bhov\u00e1n\u00ed v Praze v\u00fdhodn\u011bj\u0161\u00ed","name":"Kter\u00fd term\u00edn je pro st\u011bhov\u00e1n\u00ed v Praze v\u00fdhodn\u011bj\u0161\u00ed","description":"St\u011bhovac\u00ed slu\u017eby jsou dnes na takov\u00e9 \u00farovni, \u017ee v\u00e1s zbav\u00ed t\u011bch nejv\u011bt\u0161\u00edch starost\u00ed, ale p\u0159ece jen n\u011bco mus\u00edte zvl\u00e1dnout sami. Vyplat\u00ed se toti\u017e mimo jin\u00e9 volit s uv\u00e1\u017een\u00edm vhodn\u00fd term\u00edn, kter\u00fd byste m\u011bli d\u00e1t st\u011bhovac\u00ed firm\u011b na v\u011bdom\u00ed alespo\u0148 s m\u011bs\u00ed\u010dn\u00edm p\u0159edstihem. Kdy se p\u0159est\u011bhovat Mus\u00edte-li se vyst\u011bhovat kv\u016fli ukon\u010den\u00ed n\u00e1jemn\u00ed smlouvy, nebo z jin\u00fdch ...<br><div class=\"Read-more-div\"><a class=\"Read-more-button\" href=\"https:\/\/www.hanyo.cz\/ktery-termin-je-pro-stehovani-v-praze-vyhodnejsi\/\">Continue Reading &raquo;<\/a><\/div>","datePublished":"2020-07-12","dateModified":"2023-05-11","author":{"@type":"Person","@id":"https:\/\/www.hanyo.cz\/author\/#Person","name":"","url":"https:\/\/www.hanyo.cz\/author\/","identifier":1,"image":{"@type":"ImageObject","@id":"https:\/\/secure.gravatar.com\/avatar\/020fed30ca967737eb0c640f241d660d0f18cb15fe876f045fbf23eb8510c133?s=96&d=mm&r=g","url":"https:\/\/secure.gravatar.com\/avatar\/020fed30ca967737eb0c640f241d660d0f18cb15fe876f045fbf23eb8510c133?s=96&d=mm&r=g","height":96,"width":96}},"publisher":{"@type":"Organization","name":"hanyo.cz","logo":{"@type":"ImageObject","@id":"\/logo.png","url":"\/logo.png","width":600,"height":60}},"image":{"@type":"ImageObject","@id":"https:\/\/www.hanyo.cz\/wp-content\/uploads\/krabice%20na%20voz%C3%ADku.JPG","url":"https:\/\/www.hanyo.cz\/wp-content\/uploads\/krabice%20na%20voz%C3%ADku.JPG","height":0,"width":0},"url":"https:\/\/www.hanyo.cz\/ktery-termin-je-pro-stehovani-v-praze-vyhodnejsi\/","about":["Internet"],"wordCount":526,"articleBody":"   St\u011bhovac\u00ed slu\u017eby jsou dnes na takov\u00e9 \u00farovni, \u017ee v\u00e1s zbav\u00ed t\u011bch nejv\u011bt\u0161\u00edch starost\u00ed, ale p\u0159ece jen n\u011bco mus\u00edte zvl\u00e1dnout sami. Vyplat\u00ed se toti\u017e mimo jin\u00e9 volit s uv\u00e1\u017een\u00edm vhodn\u00fd term\u00edn, kter\u00fd byste m\u011bli d\u00e1t st\u011bhovac\u00ed firm\u011b na v\u011bdom\u00ed alespo\u0148 s m\u011bs\u00ed\u010dn\u00edm p\u0159edstihem.Kdy se p\u0159est\u011bhovatMus\u00edte-li se vyst\u011bhovat kv\u016fli ukon\u010den\u00ed n\u00e1jemn\u00ed smlouvy, nebo z jin\u00fdch d\u016fvod\u016f, jimi\u017e jsou zm\u011bna zam\u011bstn\u00e1n\u00ed, rodinn\u00e1 poz\u016fstalost, n\u00e1kup nemovitosti, a podobn\u00e9 nepl\u00e1novan\u00e9 \u010di neo\u010dek\u00e1van\u00e9 ud\u00e1losti, pak si nem\u016f\u017eete term\u00edn p\u0159\u00edli\u0161 vyb\u00edrat a jste nuceni se p\u0159izp\u016fsobit okolnostem. St\u011bhovac\u00ed firmy jsou vyt\u00ed\u017een\u00e9 po cel\u00fd rok a nelze \u0159\u00edci, \u017ee by m\u011bly v n\u011bkter\u00fdch m\u011bs\u00edc\u00edch n\u00e1val a jindy byly \u00fapln\u011b bez pr\u00e1ce. Jde sp\u00ed\u0161 o to, abyste si napl\u00e1novali term\u00edn podle toho, jak vyhovuje v\u00e1m, aby byl co nejm\u00e9n\u011b stresuj\u00edc\u00ed.M\u00e1te-li mo\u017enost term\u00edn ovlivnit, co se t\u00fd\u010de ro\u010dn\u00edch obdob\u00ed, pak je vhodn\u00e1 doba v\u017edy kolem tzv. rovnodennosti, tedy na ja\u0159e nebo na podzim. Zima a l\u00e9to toti\u017e m\u016f\u017ee p\u0159in\u00e9st neo\u010dek\u00e1van\u00e9 zvraty v po\u010das\u00ed a zbyte\u010dn\u011b v\u00e1s p\u0159et\u00ed\u017eit. St\u011bhov\u00e1n\u00ed Praha je u\u017e samo o sob\u011b dost stresuj\u00edc\u00ed, i kdy\u017e jej sv\u011b\u0159\u00edte specialist\u016fm, kte\u0159\u00ed v\u00e1s zbav\u00ed toho pomysln\u00e9ho \u201enejt\u011b\u017e\u0161\u00edho b\u0159emena\u201c. V jarn\u00edch a podzimn\u00edch m\u011bs\u00edc\u00edch b\u00fdvaj\u00ed teploty v rozmez\u00ed 15 \u2013 20 stup\u0148\u016f ide\u00e1ln\u00ed pro pohybov\u00e9 aktivity, nestar\u00e1te se o vyt\u00e1p\u011bn\u00ed, nemus\u00edte sh\u00e1n\u011bt klimatizaci, jste jen nalehko oble\u010deni a fyzick\u00fd pohyb v\u00e1s tolik nevy\u010derp\u00e1, jako p\u0159i teplot\u00e1ch kolem 29 stup\u0148\u016f Celsia. Z\u00e1rove\u0148 se nemus\u00edte p\u0159i p\u0159en\u00e1\u0161en\u00ed v\u011bc\u00ed po\u0159\u00e1d pracn\u011b svl\u00e9kat a obl\u00e9kat do svetr\u016f a kab\u00e1t\u016f, co\u017e zbyte\u010dn\u011b bere energii.V pond\u011bl\u00ed, nebo v sobotuSt\u011bhovac\u00ed firm\u011b je to v z\u00e1sad\u011b jedno, dok\u00e1\u017ee se p\u0159izp\u016fsobit va\u0161im pl\u00e1n\u016fm, i kdyby m\u011blo j\u00edt o st\u00e1tn\u00ed sv\u00e1tek. Samoz\u0159ejm\u011b je vhodn\u00e9 sp\u00ed\u0161e z etick\u00fdch d\u016fvod\u016f omezit pl\u00e1nov\u00e1n\u00ed p\u0159est\u011bhov\u00e1n\u00ed bytu na v\u00e1no\u010dn\u00ed sv\u00e1tky \u010di na Silvestra a na Nov\u00fd rok, ale firma si porad\u00ed, a\u0165 je st\u0159eda, nebo ned\u011ble.M\u016f\u017eete ov\u0161em vyu\u017e\u00edt dn\u016f, kdy je na silnic\u00edch men\u0161\u00ed provoz, a kdy se v okol\u00ed va\u0161eho bydli\u0161t\u011b bude pohybovat (pravd\u011bpodobn\u011b) m\u00e9n\u011b osob. Obecn\u011b plat\u00ed, \u017ee \u010d\u00edm m\u00e9n\u011b zv\u011bdavc\u016f nahl\u00ed\u017e\u00ed do va\u0161eho soukrom\u00ed, t\u00edm l\u00e9pe, zvolte tedy st\u011bhovac\u00ed den rad\u011bji na st\u0159edu \u010di na \u010dtvrtek, nam\u00edsto p\u00e1tku a v\u00edkendu. A vyhn\u011bte se pond\u011blk\u016fm, v tyto dny b\u00fdvaj\u00ed lid\u00e9 po v\u00edkendu rozmrzel\u00ed a ve \u0161patn\u00e9 n\u00e1lad\u011b.                                                                                                                                                                                                                                                                                                                                                                                          5\/5 - (1 vote)        "},{"@context":"https:\/\/schema.org\/","@type":"BreadcrumbList","itemListElement":[{"@type":"ListItem","position":1,"name":"Kter\u00fd term\u00edn je pro st\u011bhov\u00e1n\u00ed v Praze v\u00fdhodn\u011bj\u0161\u00ed","item":"https:\/\/www.hanyo.cz\/ktery-termin-je-pro-stehovani-v-praze-vyhodnejsi\/#breadcrumbitem"}]}]