

[{"@context":"https:\/\/schema.org\/","@type":"Article","@id":"https:\/\/www.hanyo.cz\/darky-ktere-oceni-hlavne-mladi\/#Article","mainEntityOfPage":"https:\/\/www.hanyo.cz\/darky-ktere-oceni-hlavne-mladi\/","headline":"D\u00e1rky, kter\u00e9 ocen\u00ed hlavn\u011b mlad\u00ed","name":"D\u00e1rky, kter\u00e9 ocen\u00ed hlavn\u011b mlad\u00ed","description":"Ka\u017ed\u00fd z n\u00e1s u\u017e m\u011bl ur\u010dit\u011b pln\u00e9 zuby sv\u00e1tk\u016f a je tak n\u011bjak r\u00e1d, \u017ee se za\u0159adil do ka\u017edodenn\u00edho re\u017eimu. Pr\u00e1ce, dom\u00e1c\u00ed \u00faklid a v\u0161e, co se d\u011bl\u00e1 ka\u017ed\u00fd t\u00fdden. Pokud ov\u0161em po sv\u00e1tc\u00edch navazuj\u00ed narozeniny nebo sv\u00e1tky va\u0161ich bl\u00edzk\u00fdch, tak se ned\u00e1 nic d\u011blat a mus\u00edte op\u011bt vymyslet n\u011bjak\u00fd d\u00e1rek. Pokud se jedn\u00e1 o ...<br><div class=\"Read-more-div\"><a class=\"Read-more-button\" href=\"https:\/\/www.hanyo.cz\/darky-ktere-oceni-hlavne-mladi\/\">Continue Reading &raquo;<\/a><\/div>","datePublished":"2025-12-25","dateModified":"2025-12-25","author":{"@type":"Person","@id":"https:\/\/www.hanyo.cz\/author\/#Person","name":"","url":"https:\/\/www.hanyo.cz\/author\/","identifier":1,"image":{"@type":"ImageObject","@id":"https:\/\/secure.gravatar.com\/avatar\/020fed30ca967737eb0c640f241d660d0f18cb15fe876f045fbf23eb8510c133?s=96&d=mm&r=g","url":"https:\/\/secure.gravatar.com\/avatar\/020fed30ca967737eb0c640f241d660d0f18cb15fe876f045fbf23eb8510c133?s=96&d=mm&r=g","height":96,"width":96}},"publisher":{"@type":"Organization","name":"hanyo.cz","logo":{"@type":"ImageObject","@id":"\/logo.png","url":"\/logo.png","width":600,"height":60}},"image":{"@type":"ImageObject","@id":"https:\/\/www.hanyo.cz\/wp-content\/uploads\/phone-8594571_640_10_10_5.jpg","url":"https:\/\/www.hanyo.cz\/wp-content\/uploads\/phone-8594571_640_10_10_5.jpg","height":0,"width":0},"url":"https:\/\/www.hanyo.cz\/darky-ktere-oceni-hlavne-mladi\/","about":["Zbo\u017e\u00ed"],"wordCount":432,"articleBody":"       Ka\u017ed\u00fd z n\u00e1s u\u017e m\u011bl ur\u010dit\u011b pln\u00e9 zuby sv\u00e1tk\u016f a je tak n\u011bjak r\u00e1d, \u017ee se za\u0159adil do ka\u017edodenn\u00edho re\u017eimu. Pr\u00e1ce, dom\u00e1c\u00ed \u00faklid a v\u0161e, co se d\u011bl\u00e1 ka\u017ed\u00fd t\u00fdden. Pokud ov\u0161em po sv\u00e1tc\u00edch navazuj\u00ed narozeniny nebo sv\u00e1tky va\u0161ich bl\u00edzk\u00fdch, tak se ned\u00e1 nic d\u011blat a mus\u00edte op\u011bt vymyslet n\u011bjak\u00fd d\u00e1rek. Pokud se jedn\u00e1 o d\u011bti nebo dosp\u00edvaj\u00edc\u00ed, tak si nelamte hlavu a prost\u011b jim dejte hlavn\u011b to, co vyu\u017eij\u00ed. Dnes se pod\u00edv\u00e1me na p\u00e1r typ\u016f, kter\u00e9 ocen\u00ed jak d\u011bti, tak puber\u0165\u00e1ci. Samoz\u0159ejmost\u00ed je, \u017ee mlad\u00e9 nel\u00e1k\u00e1 nic jin\u00e9ho ne\u017e elektronika. \u010c\u00edm nov\u011bj\u0161\u00ed elektronika bude, t\u00edm samoz\u0159ejm\u011b l\u00e9pe. Jak to v\u0161ak ud\u011blat, pokud jste po V\u00e1noc\u00edch vy\u010derpan\u00ed z pen\u011bz a i tak chcete ud\u011blat sv\u00fdm d\u011btem radost? Nen\u00ed nic jednodu\u0161\u0161\u00edho ne\u017e jim darovat n\u011bjak\u00e9 p\u0159\u00edslu\u0161enstv\u00ed, kter\u00e9 se k elektronice hod\u00ed. Apple kryt je dobr\u00fd d\u00e1rek, kter\u00fd sice nestoj\u00ed tis\u00edce, ale dok\u00e1\u017ee rozz\u00e1\u0159it \u00fasm\u011bv na tv\u00e1\u0159i. Ocen\u00ed ho nejen d\u011bti, ale i spousta dosp\u011bl\u00fdch, kte\u0159\u00ed r\u00e1di m\u011bn\u00ed kryty. Jedn\u00e1 se o takov\u00fd trend, kter\u00fd te\u010f fr\u010d\u00ed. Stejn\u011b tak m\u016f\u017eete koupit n\u011bjak\u00e9 sluch\u00e1tka, kter\u00e1 jsou takt\u00e9\u017e u mlad\u00fdch velmi \u017e\u00e1dan\u00e1. Dok\u00e1\u017eete si toti\u017e p\u0159edstavit ml\u00e1de\u017e, kter\u00e1 v dne\u0161n\u00ed dob\u011b nem\u00e1 telefon nebo sluch\u00e1tka?Je to zkr\u00e1tka nere\u00e1ln\u00e9, proto\u017ee to jsou hlavn\u00ed v\u011bci, bez kter\u00fdch mlad\u00ed nevych\u00e1z\u00ed do ulic. To stejn\u00e9 u mnoha z nich plat\u00ed ohledn\u011b elektronick\u00fdch cigaret. Ty takt\u00e9\u017e maj\u00ed neust\u00e1le u sebe a jsou schopn\u00ed se pro n\u011b vr\u00e1tit i dom\u016f a jet do \u0161koly a\u017e dal\u0161\u00edm autobusem. Takov\u00e1 je zkr\u00e1tka dne\u0161n\u00ed doba a rozhodn\u011b tomu nebude jinak v budoucnosti. Ov\u0161em nen\u00ed pro\u010d v\u011b\u0161et hlavu, ka\u017ed\u00e1 doba je n\u011bjak\u00e1 a zkr\u00e1tka se te\u010f \u017eije takto. N\u011bkdy si zkuste uv\u011bdomit to, co jste jako mal\u00e9 d\u011bti cht\u011bli vy a kde je dne\u0161n\u00ed doba. Pokud by byly takov\u00e9 vymo\u017eenosti i za n\u00e1s, tak takt\u00e9\u017e budeme na sv\u00e9 rodi\u010de kl\u00e1st v\u011bt\u0161\u00ed n\u00e1roky. Ide\u00e1ln\u00ed d\u00e1rek je tedy kryt na telefon nebo sluch\u00e1tka, kter\u00e9 nestoj\u00ed tolik pen\u011bz a z\u00e1rove\u0148 ud\u011blaj\u00ed radost, kterou ka\u017ed\u00fd ocen\u00ed.                                                                                                                                                                                                                                                                                                                                                                                                  "},{"@context":"https:\/\/schema.org\/","@type":"BreadcrumbList","itemListElement":[{"@type":"ListItem","position":1,"name":"D\u00e1rky, kter\u00e9 ocen\u00ed hlavn\u011b mlad\u00ed","item":"https:\/\/www.hanyo.cz\/darky-ktere-oceni-hlavne-mladi\/#breadcrumbitem"}]}]